{"id":720,"date":"2019-10-15T11:30:15","date_gmt":"2019-10-15T09:30:15","guid":{"rendered":"https:\/\/roytecglobal.com\/?p=720"},"modified":"2024-03-20T12:03:09","modified_gmt":"2024-03-20T10:03:09","slug":"roytec-global-announces-appointment-of-roald-sogno","status":"publish","type":"post","link":"https:\/\/roytecglobal.com\/le-francais\/roytec-global-announces-appointment-of-roald-sogno\/","title":{"rendered":"Roytec Global annonce la nomination de Roald Sogno"},"content":{"rendered":"<div data-elementor-type=\"wp-post\" data-elementor-id=\"720\" class=\"elementor elementor-720\" data-elementor-post-type=\"post\">\n\t\t\t\t\t\t<section class=\"elementor-section elementor-top-section elementor-element elementor-element-4e4aef2 elementor-section-boxed elementor-section-height-default elementor-section-height-default\" data-id=\"4e4aef2\" data-element_type=\"section\">\n\t\t\t\t\t\t<div class=\"elementor-container elementor-column-gap-default\">\n\t\t\t\t\t<div class=\"elementor-column elementor-col-100 elementor-top-column elementor-element elementor-element-f3df4a3\" data-id=\"f3df4a3\" data-element_type=\"column\">\n\t\t\t<div class=\"elementor-widget-wrap elementor-element-populated\">\n\t\t\t\t\t\t<div class=\"elementor-element elementor-element-bc93f41 elementor-widget elementor-widget-text-editor\" data-id=\"bc93f41\" data-element_type=\"widget\" data-widget_type=\"text-editor.default\">\n\t\t\t\t<div class=\"elementor-widget-container\">\n\t\t\t\t\t\t\t\t\t<p>Roytec Global annonce la r\u00e9cente nomination de Roald Sogno au poste de Technical HOD.<\/p><p>Roald apporte avec lui plus de 20 ans d'exp\u00e9rience en ing\u00e9nierie et en d\u00e9veloppement de produits dans divers secteurs, notamment le traitement des minerais et l'a\u00e9ronautique.<\/p><p>Ing\u00e9nieur m\u00e9canicien de profession, Roald a dirig\u00e9 les efforts de R&amp;D et d'ing\u00e9nierie d\u00e9taill\u00e9e pour de multiples lignes de produits destin\u00e9s aux usines de traitement des minerais \u00e0 l'\u00e9chelle mondiale.<\/p><p>L'exp\u00e9rience ant\u00e9rieure de Roald dans la conduite du processus de d\u00e9veloppement de produits et de conception technique pour de grandes entreprises multinationales lui conf\u00e8re les comp\u00e9tences essentielles pour fournir le soutien technique n\u00e9cessaire \u00e0 la croissance continue de Roytec Global sur les march\u00e9s internationaux.<\/p>\t\t\t\t\t\t\t\t<\/div>\n\t\t\t\t<\/div>\n\t\t\t\t\t<\/div>\n\t\t<\/div>\n\t\t\t\t\t<\/div>\n\t\t<\/section>\n\t\t\t\t<\/div>","protected":false},"excerpt":{"rendered":"<p>Roytec Global annonce la nomination de Roald Sogno au poste de Technical HOD.<\/p>","protected":false},"author":2,"featured_media":335,"comment_status":"closed","ping_status":"closed","sticky":false,"template":"","format":"standard","meta":{"footnotes":""},"categories":[12,11],"tags":[],"class_list":["post-720","post","type-post","status-publish","format-standard","has-post-thumbnail","hentry","category-announcements","category-news"],"yoast_head":"<!-- This site is optimized with the Yoast SEO plugin v26.8 - https:\/\/yoast.com\/product\/yoast-seo-wordpress\/ -->\n<title>Roytec Global Announces Appointment of Roald Sogno<\/title>\n<meta name=\"description\" content=\"Roytec Global announces the new Technical HOD. appointment of Roald Sogno.\" \/>\n<meta name=\"robots\" content=\"index, follow, max-snippet:-1, max-image-preview:large, max-video-preview:-1\" \/>\n<link rel=\"canonical\" href=\"https:\/\/roytecglobal.com\/le-francais\/roytec-global-announces-appointment-of-roald-sogno\/\" \/>\n<meta property=\"og:locale\" content=\"fr_CA\" \/>\n<meta property=\"og:type\" content=\"article\" \/>\n<meta property=\"og:title\" content=\"Roytec Global Announces Appointment of Roald Sogno\" \/>\n<meta property=\"og:description\" content=\"Roytec Global announces the new Technical HOD. appointment of Roald Sogno.\" \/>\n<meta property=\"og:url\" content=\"https:\/\/roytecglobal.com\/le-francais\/roytec-global-announces-appointment-of-roald-sogno\/\" \/>\n<meta property=\"og:site_name\" content=\"Roytec Global\" \/>\n<meta property=\"article:publisher\" content=\"https:\/\/www.facebook.com\/RoytecGlobal\/\" \/>\n<meta property=\"article:published_time\" content=\"2019-10-15T09:30:15+00:00\" \/>\n<meta property=\"article:modified_time\" content=\"2024-03-20T10:03:09+00:00\" \/>\n<meta property=\"og:image\" content=\"https:\/\/roytecglobal.com\/wp-content\/uploads\/2023\/01\/RoaldRoytec.png\" \/>\n\t<meta property=\"og:image:width\" content=\"481\" \/>\n\t<meta property=\"og:image:height\" content=\"481\" \/>\n\t<meta property=\"og:image:type\" content=\"image\/png\" \/>\n<meta name=\"author\" content=\"Marketing\" \/>\n<meta name=\"twitter:card\" content=\"summary_large_image\" \/>\n<meta name=\"twitter:label1\" content=\"\u00c9crit par\" \/>\n\t<meta name=\"twitter:data1\" content=\"Marketing\" \/>\n\t<meta name=\"twitter:label2\" content=\"Estimation du temps de lecture\" \/>\n\t<meta name=\"twitter:data2\" content=\"1 minute\" \/>\n<script type=\"application\/ld+json\" class=\"yoast-schema-graph\">{\"@context\":\"https:\/\/schema.org\",\"@graph\":[{\"@type\":[\"Article\",\"BlogPosting\"],\"@id\":\"https:\/\/roytecglobal.com\/roytec-global-announces-appointment-of-roald-sogno\/#article\",\"isPartOf\":{\"@id\":\"https:\/\/roytecglobal.com\/roytec-global-announces-appointment-of-roald-sogno\/\"},\"author\":{\"name\":\"Marketing\",\"@id\":\"https:\/\/roytecglobal.com\/#\/schema\/person\/e3ef62a47de34039d04dde99d7084124\"},\"headline\":\"Roytec Global announces appointment of Roald Sogno\",\"datePublished\":\"2019-10-15T09:30:15+00:00\",\"dateModified\":\"2024-03-20T10:03:09+00:00\",\"mainEntityOfPage\":{\"@id\":\"https:\/\/roytecglobal.com\/roytec-global-announces-appointment-of-roald-sogno\/\"},\"wordCount\":106,\"publisher\":{\"@id\":\"https:\/\/roytecglobal.com\/#organization\"},\"image\":{\"@id\":\"https:\/\/roytecglobal.com\/roytec-global-announces-appointment-of-roald-sogno\/#primaryimage\"},\"thumbnailUrl\":\"https:\/\/roytecglobal.com\/wp-content\/uploads\/2023\/01\/RoaldRoytec.png\",\"articleSection\":[\"Announcements\",\"News\"],\"inLanguage\":\"fr-CA\"},{\"@type\":\"WebPage\",\"@id\":\"https:\/\/roytecglobal.com\/roytec-global-announces-appointment-of-roald-sogno\/\",\"url\":\"https:\/\/roytecglobal.com\/roytec-global-announces-appointment-of-roald-sogno\/\",\"name\":\"Roytec Global Announces Appointment of Roald Sogno\",\"isPartOf\":{\"@id\":\"https:\/\/roytecglobal.com\/#website\"},\"primaryImageOfPage\":{\"@id\":\"https:\/\/roytecglobal.com\/roytec-global-announces-appointment-of-roald-sogno\/#primaryimage\"},\"image\":{\"@id\":\"https:\/\/roytecglobal.com\/roytec-global-announces-appointment-of-roald-sogno\/#primaryimage\"},\"thumbnailUrl\":\"https:\/\/roytecglobal.com\/wp-content\/uploads\/2023\/01\/RoaldRoytec.png\",\"datePublished\":\"2019-10-15T09:30:15+00:00\",\"dateModified\":\"2024-03-20T10:03:09+00:00\",\"description\":\"Roytec Global announces the new Technical HOD. appointment of Roald Sogno.\",\"breadcrumb\":{\"@id\":\"https:\/\/roytecglobal.com\/roytec-global-announces-appointment-of-roald-sogno\/#breadcrumb\"},\"inLanguage\":\"fr-CA\",\"potentialAction\":[{\"@type\":\"ReadAction\",\"target\":[\"https:\/\/roytecglobal.com\/roytec-global-announces-appointment-of-roald-sogno\/\"]}]},{\"@type\":\"ImageObject\",\"inLanguage\":\"fr-CA\",\"@id\":\"https:\/\/roytecglobal.com\/roytec-global-announces-appointment-of-roald-sogno\/#primaryimage\",\"url\":\"https:\/\/roytecglobal.com\/wp-content\/uploads\/2023\/01\/RoaldRoytec.png\",\"contentUrl\":\"https:\/\/roytecglobal.com\/wp-content\/uploads\/2023\/01\/RoaldRoytec.png\",\"width\":481,\"height\":481,\"caption\":\"Roald Sogno\"},{\"@type\":\"BreadcrumbList\",\"@id\":\"https:\/\/roytecglobal.com\/roytec-global-announces-appointment-of-roald-sogno\/#breadcrumb\",\"itemListElement\":[{\"@type\":\"ListItem\",\"position\":1,\"name\":\"Home\",\"item\":\"https:\/\/roytecglobal.com\/\"},{\"@type\":\"ListItem\",\"position\":2,\"name\":\"Roytec Global announces appointment of Roald Sogno\"}]},{\"@type\":\"WebSite\",\"@id\":\"https:\/\/roytecglobal.com\/#website\",\"url\":\"https:\/\/roytecglobal.com\/\",\"name\":\"Roytec Global\",\"description\":\"EXCELLENCE IN SEPARATION TECHNOLOGIES\",\"publisher\":{\"@id\":\"https:\/\/roytecglobal.com\/#organization\"},\"potentialAction\":[{\"@type\":\"SearchAction\",\"target\":{\"@type\":\"EntryPoint\",\"urlTemplate\":\"https:\/\/roytecglobal.com\/?s={search_term_string}\"},\"query-input\":{\"@type\":\"PropertyValueSpecification\",\"valueRequired\":true,\"valueName\":\"search_term_string\"}}],\"inLanguage\":\"fr-CA\"},{\"@type\":\"Organization\",\"@id\":\"https:\/\/roytecglobal.com\/#organization\",\"name\":\"Roytec Global\",\"url\":\"https:\/\/roytecglobal.com\/\",\"logo\":{\"@type\":\"ImageObject\",\"inLanguage\":\"fr-CA\",\"@id\":\"https:\/\/roytecglobal.com\/#\/schema\/logo\/image\/\",\"url\":\"https:\/\/roytecglobal.com\/wp-content\/uploads\/2023\/01\/New-Roytec-Global-Logo_fnl-01-scaled.jpg\",\"contentUrl\":\"https:\/\/roytecglobal.com\/wp-content\/uploads\/2023\/01\/New-Roytec-Global-Logo_fnl-01-scaled.jpg\",\"width\":2560,\"height\":666,\"caption\":\"Roytec Global\"},\"image\":{\"@id\":\"https:\/\/roytecglobal.com\/#\/schema\/logo\/image\/\"},\"sameAs\":[\"https:\/\/www.facebook.com\/RoytecGlobal\/\",\"https:\/\/www.linkedin.com\/company\/roytec-global-pty-ltd\/about\/\"]},{\"@type\":\"Person\",\"@id\":\"https:\/\/roytecglobal.com\/#\/schema\/person\/e3ef62a47de34039d04dde99d7084124\",\"name\":\"Marketing\",\"image\":{\"@type\":\"ImageObject\",\"inLanguage\":\"fr-CA\",\"@id\":\"https:\/\/roytecglobal.com\/#\/schema\/person\/image\/\",\"url\":\"https:\/\/secure.gravatar.com\/avatar\/297e23f54641c152bcccb5c8229e77671f446e1cccad73c021fdf1ce35756e0f?s=96&d=mm&r=g\",\"contentUrl\":\"https:\/\/secure.gravatar.com\/avatar\/297e23f54641c152bcccb5c8229e77671f446e1cccad73c021fdf1ce35756e0f?s=96&d=mm&r=g\",\"caption\":\"Marketing\"},\"sameAs\":[\"https:\/\/roytecglobal.com\/\"]}]}<\/script>\n<!-- \/ Yoast SEO plugin. -->","yoast_head_json":{"title":"Roytec Global Announces Appointment of Roald Sogno","description":"Roytec Global annonce la nomination de Roald Sogno au poste de Technical HOD.","robots":{"index":"index","follow":"follow","max-snippet":"max-snippet:-1","max-image-preview":"max-image-preview:large","max-video-preview":"max-video-preview:-1"},"canonical":"https:\/\/roytecglobal.com\/le-francais\/roytec-global-announces-appointment-of-roald-sogno\/","og_locale":"fr_CA","og_type":"article","og_title":"Roytec Global Announces Appointment of Roald Sogno","og_description":"Roytec Global announces the new Technical HOD. appointment of Roald Sogno.","og_url":"https:\/\/roytecglobal.com\/le-francais\/roytec-global-announces-appointment-of-roald-sogno\/","og_site_name":"Roytec Global","article_publisher":"https:\/\/www.facebook.com\/RoytecGlobal\/","article_published_time":"2019-10-15T09:30:15+00:00","article_modified_time":"2024-03-20T10:03:09+00:00","og_image":[{"width":481,"height":481,"url":"https:\/\/roytecglobal.com\/wp-content\/uploads\/2023\/01\/RoaldRoytec.png","type":"image\/png"}],"author":"Marketing","twitter_card":"summary_large_image","twitter_misc":{"\u00c9crit par":"Marketing","Estimation du temps de lecture":"1 minute"},"schema":{"@context":"https:\/\/schema.org","@graph":[{"@type":["Article","BlogPosting"],"@id":"https:\/\/roytecglobal.com\/roytec-global-announces-appointment-of-roald-sogno\/#article","isPartOf":{"@id":"https:\/\/roytecglobal.com\/roytec-global-announces-appointment-of-roald-sogno\/"},"author":{"name":"Marketing","@id":"https:\/\/roytecglobal.com\/#\/schema\/person\/e3ef62a47de34039d04dde99d7084124"},"headline":"Roytec Global announces appointment of Roald Sogno","datePublished":"2019-10-15T09:30:15+00:00","dateModified":"2024-03-20T10:03:09+00:00","mainEntityOfPage":{"@id":"https:\/\/roytecglobal.com\/roytec-global-announces-appointment-of-roald-sogno\/"},"wordCount":106,"publisher":{"@id":"https:\/\/roytecglobal.com\/#organization"},"image":{"@id":"https:\/\/roytecglobal.com\/roytec-global-announces-appointment-of-roald-sogno\/#primaryimage"},"thumbnailUrl":"https:\/\/roytecglobal.com\/wp-content\/uploads\/2023\/01\/RoaldRoytec.png","articleSection":["Announcements","News"],"inLanguage":"fr-CA"},{"@type":"WebPage","@id":"https:\/\/roytecglobal.com\/roytec-global-announces-appointment-of-roald-sogno\/","url":"https:\/\/roytecglobal.com\/roytec-global-announces-appointment-of-roald-sogno\/","name":"Roytec Global Announces Appointment of Roald Sogno","isPartOf":{"@id":"https:\/\/roytecglobal.com\/#website"},"primaryImageOfPage":{"@id":"https:\/\/roytecglobal.com\/roytec-global-announces-appointment-of-roald-sogno\/#primaryimage"},"image":{"@id":"https:\/\/roytecglobal.com\/roytec-global-announces-appointment-of-roald-sogno\/#primaryimage"},"thumbnailUrl":"https:\/\/roytecglobal.com\/wp-content\/uploads\/2023\/01\/RoaldRoytec.png","datePublished":"2019-10-15T09:30:15+00:00","dateModified":"2024-03-20T10:03:09+00:00","description":"Roytec Global annonce la nomination de Roald Sogno au poste de Technical HOD.","breadcrumb":{"@id":"https:\/\/roytecglobal.com\/roytec-global-announces-appointment-of-roald-sogno\/#breadcrumb"},"inLanguage":"fr-CA","potentialAction":[{"@type":"ReadAction","target":["https:\/\/roytecglobal.com\/roytec-global-announces-appointment-of-roald-sogno\/"]}]},{"@type":"ImageObject","inLanguage":"fr-CA","@id":"https:\/\/roytecglobal.com\/roytec-global-announces-appointment-of-roald-sogno\/#primaryimage","url":"https:\/\/roytecglobal.com\/wp-content\/uploads\/2023\/01\/RoaldRoytec.png","contentUrl":"https:\/\/roytecglobal.com\/wp-content\/uploads\/2023\/01\/RoaldRoytec.png","width":481,"height":481,"caption":"Roald Sogno"},{"@type":"BreadcrumbList","@id":"https:\/\/roytecglobal.com\/roytec-global-announces-appointment-of-roald-sogno\/#breadcrumb","itemListElement":[{"@type":"ListItem","position":1,"name":"Home","item":"https:\/\/roytecglobal.com\/"},{"@type":"ListItem","position":2,"name":"Roytec Global announces appointment of Roald Sogno"}]},{"@type":"WebSite","@id":"https:\/\/roytecglobal.com\/#website","url":"https:\/\/roytecglobal.com\/","name":"Roytec Global","description":"L'EXCELLENCE DANS LES TECHNOLOGIES DE S\u00c9PARATION","publisher":{"@id":"https:\/\/roytecglobal.com\/#organization"},"potentialAction":[{"@type":"SearchAction","target":{"@type":"EntryPoint","urlTemplate":"https:\/\/roytecglobal.com\/?s={search_term_string}"},"query-input":{"@type":"PropertyValueSpecification","valueRequired":true,"valueName":"search_term_string"}}],"inLanguage":"fr-CA"},{"@type":"Organization","@id":"https:\/\/roytecglobal.com\/#organization","name":"Roytec Global","url":"https:\/\/roytecglobal.com\/","logo":{"@type":"ImageObject","inLanguage":"fr-CA","@id":"https:\/\/roytecglobal.com\/#\/schema\/logo\/image\/","url":"https:\/\/roytecglobal.com\/wp-content\/uploads\/2023\/01\/New-Roytec-Global-Logo_fnl-01-scaled.jpg","contentUrl":"https:\/\/roytecglobal.com\/wp-content\/uploads\/2023\/01\/New-Roytec-Global-Logo_fnl-01-scaled.jpg","width":2560,"height":666,"caption":"Roytec Global"},"image":{"@id":"https:\/\/roytecglobal.com\/#\/schema\/logo\/image\/"},"sameAs":["https:\/\/www.facebook.com\/RoytecGlobal\/","https:\/\/www.linkedin.com\/company\/roytec-global-pty-ltd\/about\/"]},{"@type":"Person","@id":"https:\/\/roytecglobal.com\/#\/schema\/person\/e3ef62a47de34039d04dde99d7084124","name":"Marketing","image":{"@type":"ImageObject","inLanguage":"fr-CA","@id":"https:\/\/roytecglobal.com\/#\/schema\/person\/image\/","url":"https:\/\/secure.gravatar.com\/avatar\/297e23f54641c152bcccb5c8229e77671f446e1cccad73c021fdf1ce35756e0f?s=96&d=mm&r=g","contentUrl":"https:\/\/secure.gravatar.com\/avatar\/297e23f54641c152bcccb5c8229e77671f446e1cccad73c021fdf1ce35756e0f?s=96&d=mm&r=g","caption":"Marketing"},"sameAs":["https:\/\/roytecglobal.com\/"]}]}},"_links":{"self":[{"href":"https:\/\/roytecglobal.com\/le-francais\/wp-json\/wp\/v2\/posts\/720","targetHints":{"allow":["GET"]}}],"collection":[{"href":"https:\/\/roytecglobal.com\/le-francais\/wp-json\/wp\/v2\/posts"}],"about":[{"href":"https:\/\/roytecglobal.com\/le-francais\/wp-json\/wp\/v2\/types\/post"}],"author":[{"embeddable":true,"href":"https:\/\/roytecglobal.com\/le-francais\/wp-json\/wp\/v2\/users\/2"}],"replies":[{"embeddable":true,"href":"https:\/\/roytecglobal.com\/le-francais\/wp-json\/wp\/v2\/comments?post=720"}],"version-history":[{"count":4,"href":"https:\/\/roytecglobal.com\/le-francais\/wp-json\/wp\/v2\/posts\/720\/revisions"}],"predecessor-version":[{"id":724,"href":"https:\/\/roytecglobal.com\/le-francais\/wp-json\/wp\/v2\/posts\/720\/revisions\/724"}],"wp:featuredmedia":[{"embeddable":true,"href":"https:\/\/roytecglobal.com\/le-francais\/wp-json\/wp\/v2\/media\/335"}],"wp:attachment":[{"href":"https:\/\/roytecglobal.com\/le-francais\/wp-json\/wp\/v2\/media?parent=720"}],"wp:term":[{"taxonomy":"category","embeddable":true,"href":"https:\/\/roytecglobal.com\/le-francais\/wp-json\/wp\/v2\/categories?post=720"},{"taxonomy":"post_tag","embeddable":true,"href":"https:\/\/roytecglobal.com\/le-francais\/wp-json\/wp\/v2\/tags?post=720"}],"curies":[{"name":"wp","href":"https:\/\/api.w.org\/{rel}","templated":true}]}}